{"id":4483,"date":"2026-04-28T19:48:41","date_gmt":"2026-04-28T17:48:41","guid":{"rendered":"https:\/\/vrtecpriosjursinci.splet.arnes.si\/?p=4483"},"modified":"2026-04-28T19:48:42","modified_gmt":"2026-04-28T17:48:42","slug":"dan-zemlje-pri-skratih","status":"publish","type":"post","link":"https:\/\/www.vrtec-osjursinci.si\/?p=4483","title":{"rendered":"DAN ZEMLJE PRI \u0160KRATIH"},"content":{"rendered":"\n<p>V sredo, 22. aprila, smo v skupini \u0160krati praznovali dan Zemlje. Ob globusu smo utrjevali znanje o na\u0161em planetu in na njem poiskali Slovenijo. Prebrali smo pravljico Najlep\u0161i kraj. Iz naravnega materiala, ki smo ga nabrali v gozdu smo oblikovali na\u0161 planet, Zemljo. Nanjo pa posadili drevesa. Med ustvarjanjem smo se pogovarjali o tem, kako raznolik je na\u0161 planet in kako pomembno je, da ga varujemo. Vzgojiteljici sva otroke spodbujali k razmi\u0161ljanju, kako lahko oni prispevajo k ohranjanju narave: uga\u0161anje lu\u010di, var\u010devanje z vodo, var\u010devanje s papirjem, pobiranje smeti, lo\u010devanje odpadkov, prihod v vrtec brez avtomobila, \u2026 Osve\u0161\u010dali smo se o varovanju na\u0161ega planeta in kako lahko mi pripomoremo k temu.<\/p>\n\n\n\n<p>Ob dnevu Zemlje so otroci skozi pravljico, bivanje v gozdu in ustvarjanje pridobili pomembno sporo\u010dilo: na\u0161 planet je na\u0161 dom, zato moramo skrbeti za njega vsak dan.<\/p>\n\n\n\n<p class=\"has-text-align-right\">Pripravili:Valerija Mlinari\u010d Muhi\u010d in Nata\u0161a \u010cu\u0161<\/p>\n\n\n\nngg_shortcode_0_placeholder\n","protected":false},"excerpt":{"rendered":"<p>V sredo, 22. aprila, smo v skupini \u0160krati praznovali dan Zemlje. Ob globusu smo utrjevali znanje o na\u0161em planetu in na njem poiskali Slovenijo. Prebrali smo pravljico Najlep\u0161i kraj. Iz [&hellip;]<\/p>\n","protected":false},"author":91695,"featured_media":4484,"comment_status":"closed","ping_status":"open","sticky":true,"template":"","format":"standard","meta":{"ngg_post_thumbnail":0,"footnotes":""},"categories":[16],"tags":[],"class_list":["post-4483","post","type-post","status-publish","format-standard","has-post-thumbnail","hentry","category-dogodki"],"_links":{"self":[{"href":"https:\/\/www.vrtec-osjursinci.si\/index.php?rest_route=\/wp\/v2\/posts\/4483","targetHints":{"allow":["GET"]}}],"collection":[{"href":"https:\/\/www.vrtec-osjursinci.si\/index.php?rest_route=\/wp\/v2\/posts"}],"about":[{"href":"https:\/\/www.vrtec-osjursinci.si\/index.php?rest_route=\/wp\/v2\/types\/post"}],"author":[{"embeddable":true,"href":"https:\/\/www.vrtec-osjursinci.si\/index.php?rest_route=\/wp\/v2\/users\/91695"}],"replies":[{"embeddable":true,"href":"https:\/\/www.vrtec-osjursinci.si\/index.php?rest_route=%2Fwp%2Fv2%2Fcomments&post=4483"}],"version-history":[{"count":2,"href":"https:\/\/www.vrtec-osjursinci.si\/index.php?rest_route=\/wp\/v2\/posts\/4483\/revisions"}],"predecessor-version":[{"id":4493,"href":"https:\/\/www.vrtec-osjursinci.si\/index.php?rest_route=\/wp\/v2\/posts\/4483\/revisions\/4493"}],"wp:featuredmedia":[{"embeddable":true,"href":"https:\/\/www.vrtec-osjursinci.si\/index.php?rest_route=\/wp\/v2\/media\/4484"}],"wp:attachment":[{"href":"https:\/\/www.vrtec-osjursinci.si\/index.php?rest_route=%2Fwp%2Fv2%2Fmedia&parent=4483"}],"wp:term":[{"taxonomy":"category","embeddable":true,"href":"https:\/\/www.vrtec-osjursinci.si\/index.php?rest_route=%2Fwp%2Fv2%2Fcategories&post=4483"},{"taxonomy":"post_tag","embeddable":true,"href":"https:\/\/www.vrtec-osjursinci.si\/index.php?rest_route=%2Fwp%2Fv2%2Ftags&post=4483"}],"curies":[{"name":"wp","href":"https:\/\/api.w.org\/{rel}","templated":true}]}}